{"id":3669,"date":"2018-01-04T12:08:13","date_gmt":"2018-01-04T11:08:13","guid":{"rendered":"https:\/\/blog.gopay.com\/?p=3669"},"modified":"2018-10-01T14:36:38","modified_gmt":"2018-10-01T12:36:38","slug":"e-commerce-akce-ktere-v-roce-2018-musite-navstivit","status":"publish","type":"post","link":"https:\/\/www.gopay.com\/blog\/e-commerce-akce-ktere-v-roce-2018-musite-navstivit\/","title":{"rendered":"E-commerce akce, kter\u00e9 v roce 2018 mus\u00edte nav\u0161t\u00edvit"},"content":{"rendered":"<p>Chcete posouvat svoje podnik\u00e1n\u00ed kup\u0159edu?<\/p>\n<p>Bez vzd\u011bl\u00e1v\u00e1n\u00ed a tvrd\u00e9 pr\u00e1ce to nep\u016fjde.<\/p>\n<p>Spoustu v\u011bc\u00ed se m\u016f\u017eete p\u0159iu\u010dit na r\u016fzn\u00fdch konferenc\u00edch, p\u0159edn\u00e1\u0161k\u00e1ch nebo semin\u00e1\u0159\u00edch.<\/p>\n<p>Kter\u00e9 e-commerce a marketingov\u00e9 akce v \u010cech\u00e1ch jsou ty nejlep\u0161\u00ed?<\/p>\n<p>Zapi\u0161te si n\u00e1sleduj\u00edc\u00ed data do di\u00e1\u0159e, a\u0165 v\u00e1m \u017e\u00e1dn\u00e1 z nich neute\u010de.<br \/>\n<!--more--><br \/>\n\n<h3>GDPR pro e-shopy<br \/>\n<img decoding=\"async\" class=\"alignright size-full wp-image-3681\" src=\"https:\/\/blog.gopay.com\/wp-content\/uploads\/2018\/01\/gdpr-pro-eshopy-obr-maly.png\" alt=\"e-commerce akce 2018\" width=\"150\" height=\"51\" \/><\/h3>\n<p><strong>Kdy<\/strong>: 25. ledna 2018<br \/>\n<strong>Kde<\/strong>: Praha, Konferen\u010dn\u00ed s\u00e1l OK System<br \/>\n<strong>Web<\/strong>: <a href=\"https:\/\/www.gdpr-pro-eshopy.cz\/#home\" target=\"_blank\" rel=\"noopener\">gdpr-pro-eshopy.cz<\/a><br \/>\n<strong>Soci\u00e1ln\u00ed s\u00edt\u011b<\/strong>: <a href=\"https:\/\/www.facebook.com\/events\/1501340609963678\/\" target=\"_blank\" rel=\"noopener\">Facebook<\/a><\/p>\n<p>T\u00fdm, kter\u00fd po\u0159\u00e1d\u00e1 E-shop summit &amp; expo, p\u0159in\u00e1\u0161\u00ed ve spolupr\u00e1ci s APEK zaj\u00edmavou akci pro v\u0161echny e-shopa\u0159e, kte\u0159\u00ed necht\u011bj\u00ed spadnout do sp\u00e1r\u016f GDPR. Za jedno odpoledne se dozv\u00edte jak na marketing, obchodn\u00ed podm\u00ednky, smlouvy s dodavateli nebo va\u0161e e-shopov\u00e9 \u0159e\u0161en\u00ed z pohledu GDPR. Semin\u00e1\u0159 povedou Petra Dolej\u0161ov\u00e1, Josef Aujezdsk\u00fd, Jakub \u010ci\u017ema\u0159 a dal\u0161\u00ed.<\/p>\n<h3>E-commerce Expo Prague\u00a0<img decoding=\"async\" class=\"alignright size-full wp-image-3684\" src=\"https:\/\/blog.gopay.com\/wp-content\/uploads\/2018\/01\/ecommerce-expo.png\" alt=\"e-commerce akce 2018\" width=\"150\" height=\"81\" \/><\/h3>\n<p><strong>Kdy<\/strong>: 30.ledna 2018<br \/>\n<strong>Kde<\/strong>: Praha, Kongresov\u00e9 centrum PVA Let\u0148any<br \/>\n<strong>Web<\/strong>: <a href=\"https:\/\/ecommerce-expo.cz\/\" target=\"_blank\" rel=\"noopener\">ecommerce-expo.cz<\/a><br \/>\n<strong>Soci\u00e1ln\u00ed s\u00edt\u011b<\/strong>: <a href=\"https:\/\/www.facebook.com\/EcommerceExpoCZ\/\" target=\"_blank\" rel=\"noopener\">Facebook<\/a>, <a href=\"https:\/\/twitter.com\/EcommerceExpoCZ\" target=\"_blank\" rel=\"noopener\">Twitter<\/a><\/p>\n<p>Prvn\u00ed \u010desk\u00fd veletrh, kter\u00fd spojuje dohromady technologie, marketingov\u00e9 n\u00e1stroje a agentury pro r\u016fst internetov\u00e9ho obchodu. Na akci se uk\u00e1\u017ee celkem 100 vystavovatel\u016f z r\u016fzn\u00fdch oblast\u00ed &#8211; e-shopov\u00e9 platformy, marketingov\u00e9 agentury, marketingov\u00e9 n\u00e1stroje, nebo t\u0159eba taky Google. Mezi \u0159e\u010dn\u00edky se bl\u00fdskaj\u00ed jm\u00e9na lid\u00ed, jako jsou CEO Footshop.cz Peter Topor, specialista na CRO a UX Jan Kvasni\u010dka, nebo Jan Vohryzek, kter\u00fd se v Google star\u00e1 o \u010desk\u00e9 a slovensk\u00e9 expanduj\u00edc\u00ed firmy. Nebudou chyb\u011bt ani experti ze zahrani\u010d\u00ed &#8211; Brian McBride z ASOS.com a Andreas Reiffen z GmbH. Dal\u0161\u00ed v\u00fdhodou akce je mo\u017enost vyu\u017e\u00edt slu\u017eeb konzultant\u016f. S va\u0161im podnik\u00e1n\u00edm v\u00e1m zdarma porad\u00ed nap\u0159\u00edklad specialist\u00e9 z Keboola, Sklik, Smartlook, apod. Jestli se na akci chyst\u00e1te, ur\u010dit\u011b se nezapome\u0148te stavit u st\u00e1nku GoPay. R\u00e1di se s v\u00e1mi potk\u00e1me.<\/p>\n<h3>PPC offline<\/h3>\n<p><strong>Kdy<\/strong>: 30. ledna 2018<br \/>\n<strong>Kde<\/strong>: Praha, Kongresov\u00e9 centrum PVA Let\u0148any<br \/>\n<strong>Web<\/strong>:\u00a0<a href=\"http:\/\/www.ppcoffline.cz\/\">ppcoffline.cz<\/a><br \/>\n<strong>Soci\u00e1ln\u00ed s\u00edt\u011b<\/strong>: <a href=\"https:\/\/www.facebook.com\/events\/753269811530842\/\">Facebook<\/a><\/p>\n<p>I letos se kon\u00e1 ka\u017edoro\u010dn\u00ed neform\u00e1ln\u00ed setk\u00e1n\u00ed PPC specialist\u016f. Tentokr\u00e1t \u00fa\u010dast prob\u011bhne jako sou\u010d\u00e1st v\u00fd\u0161e zm\u00edn\u011bn\u00e9ho veletrhu Ecommerce-expo. Poprv\u00e9 zde bude \u0159e\u010dnit i host ze zahrani\u010d\u00ed, a to Andreas Reiffen, kter\u00e9ho m\u016f\u017eete potkat i na Ecommerce-expo.<\/p>\n<h3>Retail summit\u00a0<img decoding=\"async\" class=\"alignright size-full wp-image-3685\" src=\"https:\/\/blog.gopay.com\/wp-content\/uploads\/2018\/01\/retail-summint-obr.png\" alt=\"e-commerce akce 2018\" width=\"137\" height=\"176\" \/><\/h3>\n<p><strong>Kdy<\/strong>: 5. &#8211; 7. \u00fanora 2018<br \/>\n<strong>Kde<\/strong>: Praha, Clarion Congress Hotel<br \/>\n<strong>Web<\/strong>: <a href=\"http:\/\/www.retail21.cz\/cs\/\" target=\"_blank\" rel=\"noopener\">retail-summit.cz<\/a><br \/>\n<strong>Soci\u00e1ln\u00ed s\u00edt\u011b<\/strong>: <a href=\"https:\/\/www.facebook.com\/blueevents.eu\" target=\"_blank\" rel=\"noopener\">Facebook<\/a>, <a href=\"https:\/\/twitter.com\/retailsummitcz\" target=\"_blank\" rel=\"noopener\">Twitter<\/a>, <a href=\"https:\/\/www.linkedin.com\/company\/2668652\/\" target=\"_blank\" rel=\"noopener\">LinkedIn<\/a><\/p>\n<p>Po\u0159\u00e1dn\u011b na\u0161l\u00e1pnut\u00e1 konference, kde se objev\u00ed to nejlep\u0161\u00ed z obchodu. Diskutovat p\u0159ijdou nejv\u011bt\u0161\u00ed hr\u00e1\u010di \u010desk\u00e9ho a st\u0159edoevropsk\u00e9ho trhu. Akce se ostatn\u011b chlub\u00ed t\u00edm, \u017ee pat\u0159\u00ed mezi 3 nejv\u011bt\u0161\u00ed obchodn\u00ed konference v Evrop\u011b. Chcete se dozv\u011bd\u011bt o inovac\u00edch, kter\u00e9 m\u011bn\u00ed n\u00e1kupn\u00ed chov\u00e1n\u00ed i obchod? Co je pro z\u00e1kazn\u00edky d\u016fle\u017eit\u00e9? Jak technologie m\u011bn\u00ed trh? Pokud hled\u00e1te inspiraci pro rozvoj va\u0161eho podnik\u00e1n\u00ed, ur\u010dit\u011b Retail summit nav\u0161tivte.<\/p>\n<h3>Digid\u011bjovice\u00a0<img decoding=\"async\" class=\"alignright size-full wp-image-3687\" src=\"https:\/\/blog.gopay.com\/wp-content\/uploads\/2018\/01\/digidejovice-obr.png\" alt=\"e-commerce akce 2018\" width=\"169\" height=\"133\" \/><\/h3>\n<p><strong>Kdy<\/strong>: 8. \u00fanora 2018<br \/>\n<strong>Kde<\/strong>: \u010cesk\u00e9 Bud\u011bjovice, Clarion Congress Hotel<strong><br \/>\nWeb<\/strong>: <a href=\"http:\/\/www.digidejovice.cz\/\" target=\"_blank\" rel=\"noopener\">digidejovice.cz<\/a><br \/>\n<strong>Soci\u00e1ln\u00ed s\u00edt\u011b<\/strong>: <a href=\"https:\/\/www.facebook.com\/Digid%C4%9Bjovice-144680076166698\/\" target=\"_blank\" rel=\"noopener\">Facebook<\/a><\/p>\n<p>\u017de se zaj\u00edmav\u00e9 akce konaj\u00ed jen v Praze? Omyl. Vedle <a href=\"http:\/\/www.barcampjc.cz\/\" target=\"_blank\" rel=\"noopener\">BarCampu<\/a> se u n\u00e1s v Bud\u011bjovic\u00edch kon\u00e1 ji\u017e t\u0159et\u00ed ro\u010dn\u00edk konference o online marketingu. Letos budou p\u0159edn\u00e1\u0161et vedouc\u00ed marketingu v agentu\u0159e igloonet Adam \u0160ilhan, brand konzultant pro velk\u00e9 klienty Vil\u00e9m Rube\u0161 nebo Jan Junek, UX designer z agentury Proof &amp; Reason. Hlavn\u00edmi t\u00e9maty budou <em>Jak ud\u011blat konverzn\u00ed web<\/em>, <em>GDPR v online marketingu<\/em>, nebo <em>Budov\u00e1n\u00ed brandu na internetu<\/em>.<\/p>\n<h3>Barcamp Ji\u017en\u00ed \u010cechy<\/h3>\n<p><img decoding=\"async\" class=\"alignright size medium wp-image-2092\" src=\"https:\/\/blog.gopay.com\/wp-content\/uploads\/2017\/02\/25.2.2017-\u010cesk\u00e9-Bud\u011bjovice-Barcamp-JI\u017dN\u00cd-\u010cECHY-300x76.png\" alt=\"Barcamp JI\u017dN\u00cd \u010cECHY\" width=\"300\" height=\"76\" srcset=\"https:\/\/www.gopay.com\/blog\/wp-content\/uploads\/2017\/02\/25.2.2017-\u010cesk\u00e9-Bud\u011bjovice-Barcamp-JI\u017dN\u00cd-\u010cECHY-300x76.png 300w, https:\/\/www.gopay.com\/blog\/wp-content\/uploads\/2017\/02\/25.2.2017-\u010cesk\u00e9-Bud\u011bjovice-Barcamp-JI\u017dN\u00cd-\u010cECHY.png 614w\" sizes=\"(max-width: 300px) 100vw, 300px\" \/><strong>Kdy<\/strong>: 24. \u00fanora 2018<br \/>\n<strong>Kde<\/strong>: \u010cesk\u00e9 Bud\u011bjovice, Jiho\u010desk\u00fd v\u011bdeckotechnick\u00fd park<br \/>\n<strong>Web<\/strong>:<a href=\"http:\/\/www.barcampjc.cz\/\" target=\"_blank\" rel=\"noopener\"> barcampjc.cz<\/a><br \/>\n<strong>Soci\u00e1ln\u00ed s\u00edt\u011b<\/strong>: <a href=\"https:\/\/www.facebook.com\/barcampjc\/\" target=\"_blank\" rel=\"noopener\">Facebook<\/a>, <a href=\"https:\/\/twitter.com\/barcampjc\" target=\"_blank\" rel=\"noopener\">Twitter<\/a><\/p>\n<p>Dal\u0161\u00ed zaj\u00edmavou akc\u00ed na jihu \u010cech je Barcamp &#8211; letos po\u0159\u00e1dan\u00fd u\u017e po\u010dtvrt\u00e9. Kouzlo Barcampu je p\u0159edev\u0161\u00edm v tom, \u017ee o jeho obsahu rozhoduj\u00ed sami \u00fa\u010dastn\u00edci. Ti pak vyb\u00edraj\u00ed mezi p\u0159edn\u00e1\u0161ej\u00edc\u00edmi a hlasuj\u00ed, o kter\u00e9 p\u0159edn\u00e1\u0161ky maj\u00ed z\u00e1jem. Mezi leto\u0161n\u00edmi t\u00e9maty se objevuj\u00ed <em>V\u011bt\u0161\u00ed data v klasick\u00e9m webstacku, Virtu\u00e1ln\u00ed realita jinak, Na co si d\u00e1t pozor p\u0159i vyhodnocov\u00e1n\u00ed dat z Google Analytics<\/em>, <a href=\"http:\/\/www.barcampjc.cz\/#prednasky\">a dal\u0161\u00ed<\/a>. Cel\u00e1 akce je neziskov\u00e1 a zdarma. Tomu \u0159\u00edk\u00e1me b\u00fdt zap\u00e1len\u00fd pro v\u011bc.<\/p>\n<h3>Konference UX z praxe<\/h3>\n<p><img decoding=\"async\" class=\"alignright size-medium wp-image-3852\" src=\"https:\/\/blog.gopay.com\/wp-content\/uploads\/2018\/01\/uxz-konference-300x125.png\" alt=\"uxz konference\" width=\"300\" height=\"125\" \/><strong>Kdy<\/strong>: 26. \u00fanora 2018<br \/>\n<strong>Kde<\/strong>: Praha, konkr\u00e9tn\u00ed s\u00e1l bude up\u0159esn\u011bn<br \/>\n<strong>Web<\/strong>: <a href=\"http:\/\/www.uxz.cz\/\" target=\"_blank\" rel=\"noopener\">uxz.cz<\/a><br \/>\n<strong>Soci\u00e1ln\u00ed s\u00edt\u011b<\/strong>: <a href=\"https:\/\/www.facebook.com\/konferenceUXZ\/\" target=\"_blank\" rel=\"noopener\">Facebook<\/a>, <a href=\"https:\/\/twitter.com\/UXZ_CZ\" target=\"_blank\" rel=\"noopener\">Twitter<\/a>, <a href=\"https:\/\/www.linkedin.com\/company\/uxz---konference-ux-z-praxe\/\" target=\"_blank\" rel=\"noopener\">LinkedIn<\/a><\/p>\n<p>Konference zam\u011b\u0159en\u00e1 \u010dist\u011b na obor UX, nap\u011bchovan\u00e1 praktick\u00fdmi uk\u00e1zkami a p\u0159\u00edpadovkami z firem jako Kiwi.com, Bell Hurry, LMC. Dozv\u00edte se, jak pracovat na zak\u00e1zk\u00e1ch ze zahrani\u010d\u00ed, jak pou\u017e\u00edvat hooked modely, pro\u010d tolik z\u00e1vis\u00ed na grafick\u00e9m designu i v UX a jak jej testovat. Konference se kon\u00e1 u\u017e pot\u0159et\u00ed a \u00fa\u010dastn\u00edci z minul\u00fdch let si velice chv\u00e1l\u00ed jej\u00ed komorn\u00ed atmosf\u00e9ru, mo\u017enost nav\u00e1z\u00e1n\u00ed cenn\u00fdch kontakt\u016f a hodn\u011b praxe. Jako UX designer sem ur\u010dit\u011b mus\u00edte.<\/p>\n<h3>GDPR v marketingu\u00a0<img decoding=\"async\" class=\"alignright size-full wp-image-3688\" src=\"https:\/\/blog.gopay.com\/wp-content\/uploads\/2018\/01\/gdpr-v-marketingu.png\" alt=\"e-commerce akce 2018\" width=\"150\" height=\"62\" \/><\/h3>\n<p><strong>Kdy<\/strong>: 7. b\u0159ezna 2018<br \/>\n<strong>Kde<\/strong>: Praha, Clarion Congress Hotel<br \/>\n<strong>Web<\/strong>:<a href=\"http:\/\/www.marketinggdpr.cz\/\" target=\"_blank\" rel=\"noopener\"> marketinggdpr.cz<\/a><br \/>\n<strong>Soci\u00e1ln\u00ed s\u00edt\u011b<\/strong>: <a href=\"https:\/\/www.facebook.com\/events\/2007394279525091\/\" target=\"_blank\" rel=\"noopener\">Facebook<\/a><\/p>\n<p>Nejv\u011bt\u0161\u00ed t\u00e9ma lo\u0148sk\u00e9ho i leto\u0161n\u00edho roku si ned\u00e1 jen tak pokoj. \u0158e\u010d je o GDPR, kter\u00e9 za\u010dne platit na konci kv\u011btna. Do t\u00e9 doby se na n\u00e1s budou valit semin\u00e1\u0159e, p\u0159edn\u00e1\u0161ky, konference, diskuze, a debaty ze v\u0161ech stran. Konference GDPR v marketingu se od ostatn\u00edch li\u0161\u00ed v tom, \u017ee se zam\u011b\u0159uje na jednu oblast, nikoliv na t\u00e9ma jako celek (na GDPR toti\u017e m\u016f\u017eete nahl\u00ed\u017eet ze spousta obor\u016f a v\u017edycky to bude o n\u011b\u010dem jin\u00e9m). Konference slibuje vysv\u011btlen\u00ed problematiky na praktick\u00fdch p\u0159\u00edkladech a konkr\u00e9tn\u00ed n\u00e1vod, jak svoje marketingov\u00e9 aktivity na GDPR p\u0159ipravit. V\u0161em z\u00fa\u010dastn\u011bn\u00fdm je doporu\u010deno prostudovat si <a href=\"http:\/\/www.e-legal.cz\/gdpr\" target=\"_blank\" rel=\"noopener\">z\u00e1kladn\u00ed materi\u00e1ly<\/a>. Akci organizuje SEO guru Pavel Ungr.<\/p>\n<h3>E-shop summit &amp; expo\u00a0<img decoding=\"async\" class=\"alignright size-full wp-image-3683\" src=\"https:\/\/blog.gopay.com\/wp-content\/uploads\/2018\/01\/esse-obr-maly.png\" alt=\"e-commerce akce 2018\" width=\"150\" height=\"57\" \/><\/h3>\n<p><strong>Kdy<\/strong>: 16. &#8211; 17. b\u0159ezna 2018<br \/>\n<strong>Kde<\/strong>: Praha, V\u00fdstavi\u0161t\u011b Hole\u0161ovice<br \/>\n<strong>Web<\/strong>: <a href=\"https:\/\/www.eshopsummit.cz\/\" target=\"_blank\" rel=\"noopener\">eshopsummit.cz<\/a><br \/>\n<strong>Soci\u00e1ln\u00ed s\u00edt\u011b<\/strong>: <a href=\"https:\/\/www.facebook.com\/events\/451351115236492\/\" target=\"_blank\" rel=\"noopener\">Facebook<\/a>, <a href=\"https:\/\/twitter.com\/eshopsummitcz\" target=\"_blank\" rel=\"noopener\">Twitter<\/a><\/p>\n<p>Jednu z nejv\u011bt\u0161\u00edch akc\u00ed pro e-shopa\u0159e \u010dekaj\u00ed letos po\u0159\u00e1dn\u00e9 zm\u011bny. P\u0159esouv\u00e1 se z \u010cesk\u00fdch Bud\u011bjovic do Prahy a nav\u00edc bude rozd\u011blena na veletrh a p\u0159edn\u00e1\u0161ky. Ty se budou konat v nejm\u00e9n\u011b t\u0159ech s\u00e1lech a mezi dv\u011bma stovkami vystavovatel\u016f budete moct potkat marketingov\u00e9 agentury a freelancery z obor\u016f jako marketing, logistika, skladov\u00e1n\u00ed, apod. Pro ty, kdo to mysl\u00ed s internetov\u00fdm obchodem v\u00e1\u017en\u011b a cht\u011bj\u00ed se b\u011bhem 2 dn\u016f dozv\u011bd\u011bt co nejv\u00edc ze sv\u00e9ho oboru, je E-shop summit &amp; expo naprost\u00e1 povinnost. My letos samoz\u0159ejm\u011b nebudeme chyb\u011bt a p\u0159ivezeme n\u00e1\u0161 st\u00e1nek.<\/p>\n<h3>Internet Advertising Conference\u00a0<img decoding=\"async\" class=\"alignright size-full wp-image-3689\" src=\"https:\/\/blog.gopay.com\/wp-content\/uploads\/2018\/01\/internet-advertising-conference.png\" alt=\"e-commerce akce 2018\" width=\"150\" height=\"63\" \/><\/h3>\n<p><strong>Kdy<\/strong>: 5. dubna 2018<br \/>\n<strong>Kde<\/strong>: Praha, Clarion Congress Hotel<br \/>\n<strong>Web<\/strong>:<a href=\"https:\/\/iac.spir.cz\/akce\/internet-advertising-conference-2018\/\" target=\"_blank\" rel=\"noopener\"> iac.cz<\/a><br \/>\n<strong>Soci\u00e1ln\u00ed s\u00edt\u011b<\/strong>: <a href=\"https:\/\/www.facebook.com\/SPIR-281288050400\/\" target=\"_blank\" rel=\"noopener\">Facebook<\/a><\/p>\n<p>Sdru\u017een\u00ed pro internetov\u00fd rozvoj (SPIR) po\u0159\u00e1d\u00e1 konferenci zam\u011b\u0159enou na \u010desk\u00e9 online prost\u0159ed\u00ed a m\u00e9dia. Letos budou dominovat t\u00e9mata jako mobiln\u00ed reklama, omezen\u00ed reklamn\u00edch ploch na Google, m\u011b\u0159en\u00ed z\u00e1sah\u016f, GDPR, a dal\u0161\u00ed. Program zat\u00edm nen\u00ed zve\u0159ejn\u011bn\u00fd, zato se m\u016f\u017eete pod\u00edvat na <a href=\"https:\/\/www.youtube.com\/watch?v=lfdr31Szy2g&amp;feature=youtu.be\" target=\"_blank\" rel=\"noopener\">video <\/a>z lo\u0148sk\u00e9ho ro\u010dn\u00edku.<\/p>\n<h3>Newsfeed day\u00a0<img decoding=\"async\" class=\"alignright size-full wp-image-3690\" src=\"https:\/\/blog.gopay.com\/wp-content\/uploads\/2018\/01\/newsfeed-day1.png\" alt=\"e-commerce akce 2018\" width=\"150\" height=\"34\" \/><\/h3>\n<p><strong>Kdy<\/strong>: 17. dubna 2018<br \/>\n<strong>Kde<\/strong>: Praha, Francouzsk\u00fd institut<br \/>\n<strong>Web<\/strong>: <a href=\"https:\/\/day.newsfeed.cz\/\" target=\"_blank\" rel=\"noopener\">day.newsfeed.cz<\/a><br \/>\n<strong>Soci\u00e1ln\u00ed s\u00edt\u011b<\/strong>: <a href=\"https:\/\/www.facebook.com\/newsfeed.cz\/\" target=\"_blank\" rel=\"noopener\">Facebook<\/a>, <a href=\"https:\/\/twitter.com\/NewsfeedCz\" target=\"_blank\" rel=\"noopener\">Twitter<\/a>, <a href=\"https:\/\/www.linkedin.com\/company\/business-factory-s-r-o-\/ target=\">LinkedIn<\/a>, <a href=\"https:\/\/www.instagram.com\/businessfactory\/\" target=\"_blank\" rel=\"noopener\">Instagram<\/a><\/p>\n<p>Facebook je jedn\u00edm z nejdokonalej\u0161\u00edch n\u00e1stroj\u016f, jak efektivn\u011b c\u00edlit reklamu. Chcete v\u011bd\u011bt, jak na to? Prvn\u00ed \u010desk\u00e1 konference zam\u011b\u0159en\u00e1 ryze na v\u00fdkonnostn\u00ed Facebook marketing prob\u011bhne u\u017e letos v dubnu. O tom, jak d\u011blat \u00fasp\u011b\u0161n\u00fd Facebook budou hovo\u0159it lid\u00e9 z Kiwi.com, Slevomat.cz nebo \u010cesk\u00e9 spo\u0159itelny. Proto\u017ee se jedn\u00e1 o prvn\u00ed ro\u010dn\u00edk, je kapacita omezen\u00e1 na 150 m\u00edst. Proto s koup\u00ed l\u00edstk\u016f dlouho neot\u00e1lejte.<\/p>\n<h3>Jobs Dev\u00a0<img decoding=\"async\" class=\"alignright size-full wp-image-3856\" src=\"https:\/\/blog.gopay.com\/wp-content\/uploads\/2018\/01\/jobs-dev-konference-2.png\" alt=\"jobs dev\" width=\"100\" height=\"100\" srcset=\"https:\/\/www.gopay.com\/blog\/wp-content\/uploads\/2018\/01\/jobs-dev-konference-2.png 100w, https:\/\/www.gopay.com\/blog\/wp-content\/uploads\/2018\/01\/jobs-dev-konference-2-32x32.png 32w, https:\/\/www.gopay.com\/blog\/wp-content\/uploads\/2018\/01\/jobs-dev-konference-2-50x50.png 50w, https:\/\/www.gopay.com\/blog\/wp-content\/uploads\/2018\/01\/jobs-dev-konference-2-64x64.png 64w, https:\/\/www.gopay.com\/blog\/wp-content\/uploads\/2018\/01\/jobs-dev-konference-2-96x96.png 96w\" sizes=\"(max-width: 100px) 100vw, 100px\" \/><\/h3>\n<p><strong>Kdy<\/strong>: 28. dubna 2018<br \/>\n<strong>Kde<\/strong>: Praha, V\u00fdstavi\u0161t\u011b Hole\u0161ovice<br \/>\n<strong>Web<\/strong>:<a href=\"https:\/\/www.jobsdev.cz\/\" target=\"_blank\" rel=\"noopener\"> jobsdev.cz<\/a><br \/>\n<strong>Soci\u00e1ln\u00ed s\u00edt\u011b<\/strong>: <a href=\"https:\/\/www.facebook.com\/jobsdevcz\/\" target=\"_blank\" rel=\"noopener\">Facebook<\/a>, <a href=\"https:\/\/twitter.com\/jobsdevcz\" target=\"_blank\" rel=\"noopener\">Twitter<\/a>, <a href=\"https:\/\/www.linkedin.com\/company\/jobs-dev\/\" target=\"_blank\" rel=\"noopener\">LinkedIn<\/a><br \/>\nDruh\u00fd ro\u010dn\u00edk veletrhu pro seniorn\u00ed program\u00e1tory l\u00e1k\u00e1 na setk\u00e1n\u00ed program\u00e1tor\u016f z v\u00edce ne\u017e 100 firem. Firmy nebudou prezentovat \u017e\u00e1dn\u00ed headhunte\u0159i, ale samotn\u00ed program\u00e1to\u0159i, kte\u0159\u00ed z\u00e1jemc\u016fm o pr\u00e1ci pop\u00ed\u0161\u00ed, jak to u nich ve firm\u011b chod\u00ed, s jak\u00fdmi technologiemi pracuj\u00ed, apod. Z tohoto pohledu se jedn\u00e1 o unik\u00e1tn\u00ed akci.<\/p>\n<h3>Konference Glorious\u00a0<img decoding=\"async\" class=\"alignright size-full wp-image-4227\" src=\"https:\/\/blog.gopay.com\/wp-content\/uploads\/2018\/01\/konference-glorious.png\" alt=\"konference glorious\" width=\"150\" height=\"150\" srcset=\"https:\/\/www.gopay.com\/blog\/wp-content\/uploads\/2018\/01\/konference-glorious.png 150w, https:\/\/www.gopay.com\/blog\/wp-content\/uploads\/2018\/01\/konference-glorious-32x32.png 32w, https:\/\/www.gopay.com\/blog\/wp-content\/uploads\/2018\/01\/konference-glorious-50x50.png 50w, https:\/\/www.gopay.com\/blog\/wp-content\/uploads\/2018\/01\/konference-glorious-64x64.png 64w, https:\/\/www.gopay.com\/blog\/wp-content\/uploads\/2018\/01\/konference-glorious-96x96.png 96w, https:\/\/www.gopay.com\/blog\/wp-content\/uploads\/2018\/01\/konference-glorious-128x128.png 128w\" sizes=\"(max-width: 150px) 100vw, 150px\" \/><\/h3>\n<p><strong>Kdy<\/strong>: 3. &#8211; 5. kv\u011btna 2018<br \/>\n<strong>Kde<\/strong>: Brno, Sono Centrum<br \/>\n<strong>Web<\/strong>: <a href=\"https:\/\/konferenceglorious.cz\/\">konferenceglorious.cz<\/a><br \/>\n<strong>Soci\u00e1ln\u00ed s\u00edt\u011b<\/strong>: <a href=\"https:\/\/www.facebook.com\/KonferenceGlorious\/\">Facebook<\/a>, <a href=\"https:\/\/twitter.com\/glorious_cz\">Twitter<\/a><\/p>\n<p>P\u0159es 50 nejlep\u0161\u00edch \u010cech\u016f, kte\u0159\u00ed se dok\u00e1zali prosadit ve sv\u011btov\u00e9m obchodu, managementu a marketingu, se potk\u00e1 zkraje kv\u011btna v Brn\u011b na velice ambici\u00f3zn\u00ed konferenci Glorious. Studentsk\u00e9mu spolku Business Academy z.s. se poda\u0159ilo pozvat takov\u00e1 jm\u00e9na, jako Pavel Turek, Dalibor D\u011bdek, Martin Jaro\u0161, Ond\u0159ej Barto\u0161 a spoustu dal\u0161\u00edch. Konference se mimo jin\u00e9 proslavila i origin\u00e1ln\u00edmi videopozv\u00e1nkami, kdy pro ka\u017ed\u00e9ho \u0159e\u010dn\u00edka byla p\u0159ipravena <a href=\"http:\/\/www.chcememartinajarosenaglorious.cz\/\">mikrostr\u00e1nka <\/a>s obsahem \u0161it\u00fdm \u0159e\u010dn\u00edkovi p\u0159\u00edmo na m\u00edru.<\/p>\n<p><img decoding=\"async\" class=\"alignright wp-image-4182 \" src=\"https:\/\/blog.gopay.com\/wp-content\/uploads\/2018\/01\/nekonference-150x150.png\" alt=\"nekonference\" width=\"149\" height=\"149\" srcset=\"https:\/\/www.gopay.com\/blog\/wp-content\/uploads\/2018\/01\/nekonference-150x150.png 150w, https:\/\/www.gopay.com\/blog\/wp-content\/uploads\/2018\/01\/nekonference-32x32.png 32w, https:\/\/www.gopay.com\/blog\/wp-content\/uploads\/2018\/01\/nekonference-50x50.png 50w, https:\/\/www.gopay.com\/blog\/wp-content\/uploads\/2018\/01\/nekonference-64x64.png 64w, https:\/\/www.gopay.com\/blog\/wp-content\/uploads\/2018\/01\/nekonference-96x96.png 96w, https:\/\/www.gopay.com\/blog\/wp-content\/uploads\/2018\/01\/nekonference-128x128.png 128w\" sizes=\"(max-width: 149px) 100vw, 149px\" \/><\/p>\n<h3>Nekonference<\/h3>\n<p><strong>Kdy<\/strong>: 6.6.2018<br \/>\n<strong>Kde<\/strong>: Brno, Impact Hub<br \/>\n<strong>Web<\/strong>: <a href=\"https:\/\/www.besteto.cz\/nekonference-2018-pozvanka\">besteto.cz<\/a><br \/>\n<strong>Soci\u00e1ln\u00ed s\u00edt\u011b<\/strong>: <a href=\"https:\/\/www.facebook.com\/events\/144740403033702\/\">Facebook<\/a>, <a href=\"https:\/\/twitter.com\/besteto_cz\">Twitter<\/a><\/p>\n<p>U\u017e posedm\u00e9 se kon\u00e1 tradi\u010dn\u00ed setk\u00e1n\u00ed e-shopa\u0159\u016f s marke\u0165\u00e1ky v Brn\u011b. Leto\u0161n\u00edm t\u00e9matem jsou zbo\u017eov\u00e9 vyhled\u00e1va\u010de. Pov\u00eddat o nich budou z\u00e1stupci z Heur\u00e9ka, Zbo\u017e\u00ed.cz, Shoptet, a dal\u0161\u00ed. Akci po\u0159\u00e1d\u00e1 agentura <a href=\"https:\/\/www.besteto.cz\/\">BESTETO<\/a>.<\/p>\n<h3>WebExpo\u00a0<img decoding=\"async\" class=\"alignright size-full wp-image-2096\" src=\"https:\/\/blog.gopay.com\/wp-content\/uploads\/2017\/02\/Konference-\u2192-WebExpo-2016.png\" alt=\"e-commerce akce 2018\" width=\"185\" height=\"53\" \/><\/h3>\n<p><strong>Kdy<\/strong>: 21. &#8211; 22. z\u00e1\u0159\u00ed 2018<br \/>\n<strong>Kde<\/strong>: Praha, Lucerna<br \/>\n<strong>Web<\/strong>: <a href=\"https:\/\/www.webexpo.cz\/praha2018\/\" target=\"_blank\" rel=\"noopener\">webexpo.cz<\/a><br \/>\n<strong>Soci\u00e1ln\u00ed s\u00edt\u011b<\/strong>:\u00a0<a href=\"https:\/\/www.facebook.com\/WebExpo\/\" target=\"_blank\" rel=\"noopener\">Facebook<\/a>, <a href=\"https:\/\/twitter.com\/webexpo\" target=\"_blank\" rel=\"noopener\">Twitter<\/a><\/p>\n<p>&#8222;<em>Nejv\u011bt\u0161\u00ed webov\u00e1 ud\u00e1lost roku<\/em>&#8222;. Takov\u00fdmi p\u0159\u00edvlastky se py\u0161n\u00ed konference WebExpo. Ka\u017edoro\u010dn\u011b se v s\u00e1lech pra\u017esk\u00e9 Lucerny potk\u00e1 na 70 \u0159e\u010dn\u00edk\u016f a p\u0159es 2 tis\u00edce \u00fa\u010dastn\u00edk\u016f, na kter\u00e9 \u010dek\u00e1 cel\u00e1 plej\u00e1da t\u00e9mat p\u0159es e-commerce, technologie, marketing, design, programov\u00e1n\u00ed a spoustu dal\u0161\u00edch. Krom\u011b toho je WebExpo tak\u00e9 zn\u00e1m\u00e9 t\u00edm, \u017ee zdarma zve\u0159ej\u0148uje <a href=\"https:\/\/www.webexpo.cz\/videa\/\" target=\"_blank\" rel=\"noopener\">videa<\/a> t\u011bch nejzaj\u00edmav\u011bj\u0161\u00edch \u0159e\u010dn\u00edk\u016f, kte\u0159\u00ed se na prknech divadla Lucerna ocitnou. Letos se mezi \u0159e\u010dn\u00edky objev\u00ed lid\u00e9 z Twitteru, IBM nebo Cloud Four.<\/p>\n<h3>E-Business Forum 2018\u00a0<img decoding=\"async\" class=\"alignright size-full wp-image-4825\" src=\"https:\/\/blog.gopay.com\/wp-content\/uploads\/2018\/01\/ebusiness-forum.png\" alt=\"ebusiness forum\" width=\"150\" height=\"97\" \/><\/h3>\n<p><strong>Kdy<\/strong>: 25. z\u00e1\u0159\u00ed 2018<br \/>\n<strong>Kde<\/strong>: N\u00e1rodn\u00ed d\u016fm na Vinohradech, Praha<br \/>\n<strong>Web<\/strong>: <a href=\"https:\/\/www.tuesday.cz\/akce\/e-business-forum-2018\/\">ebusiness.forum.cz<\/a><br \/>\n<strong>Soci\u00e1ln\u00ed s\u00edt\u011b<\/strong>:\u00a0<a href=\"https:\/\/www.facebook.com\/tuesdaycz\/\">Facebook<\/a>, <a href=\"https:\/\/twitter.com\/tuesdaycz\">Twitter<\/a><\/p>\n<p><strong>Tom\u00e1\u0161 \u010cupr<\/strong> (Rohl\u00edk.cz), <strong>Simona Kijonkov\u00e1<\/strong> (Z\u00e1silkovna), <strong>Martin Kasa<\/strong> (Pilulka),nebo <strong>Tom\u00e1\u0161 Braverman<\/strong> (Heureka). Nejv\u011bt\u0161\u00ed osobnosti \u010desk\u00e9 e-commerce sc\u00e9ny se sejdou u\u017e v z\u00e1\u0159\u00ed v N\u00e1rodn\u00edm dom\u011b na Vinohradech a budou hovo\u0159it o budoucnosti \u010desk\u00e9 e-commerce. Akce je vhodn\u00e1 pro v\u0161echny majitele firem, e-shop\u016f, online marke\u0165\u00e1ky, atd.<\/p>\n<h3>Marketingov\u00e1 Plze\u0148\u00a0<img decoding=\"async\" class=\"alignright size-full wp-image-4826\" src=\"https:\/\/blog.gopay.com\/wp-content\/uploads\/2018\/01\/marketingova-plzen.png\" alt=\"marketingova plzen\" width=\"150\" height=\"79\" \/><\/h3>\n<p><strong>Kdy<\/strong>: pravideln\u011b (nejbli\u017e\u0161\u00ed term\u00edn je 10. \u0159\u00edjna 2018)<br \/>\n<strong>Kde<\/strong>: DEPO2015, Plze\u0148<br \/>\n<strong>Web<\/strong>: <a href=\"https:\/\/www.marketingova-plzen.cz\/\">marketingova-plzen.cz<\/a><br \/>\n<strong>Soci\u00e1ln\u00ed s\u00edt\u011b<\/strong>:\u00a0<a href=\"https:\/\/www.facebook.com\/MarketaciPlzen\/\">Facebook<\/a>, <a href=\"https:\/\/twitter.com\/MarketaciPlzen\">Twitter<\/a><\/p>\n<p>Marketingov\u00e1 Plze\u0148 je akce, kterou pravideln\u011b po\u0159\u00e1d\u00e1 parta mlad\u00fdch marke\u0165\u00e1k\u016f &#8211; <strong>Martin \u017datkovi\u010d<\/strong>, <strong>Petr Krauz<\/strong> a <strong>M\u00ed\u0161a Zde\u0148kov\u00e1<\/strong>. Na Marketingov\u00e9 Plzni se prob\u00edraj\u00ed t\u00e9mata jako UX, SEO, copywriting, nebo provozn\u00ed a marketingov\u00e9 v\u011bci okolo e-shop\u016f.<\/p>\n<h3>Eshopista\u00a0<img decoding=\"async\" class=\"alignright size-full wp-image-4827\" src=\"https:\/\/blog.gopay.com\/wp-content\/uploads\/2018\/01\/eshopista.png\" alt=\"eshopista\" width=\"150\" height=\"150\" \/><\/h3>\n<p><strong>Kdy<\/strong>: 11. \u0159\u00edjna 2018<br \/>\n<strong>Kde<\/strong>: Art &amp; Event Gallery \u010cern\u00e1 labu\u0165, Praha<br \/>\n<strong>Web<\/strong>: <a href=\"https:\/\/www.eshopista.cz\/cz\/home\">eshopista.cz<\/a><br \/>\n<strong>Soci\u00e1ln\u00ed s\u00edt\u011b<\/strong>:\u00a0<a href=\"https:\/\/www.facebook.com\/Eshopistacz\/\">Facebook<\/a>, <a href=\"https:\/\/twitter.com\/Eshopista\">Twitter<\/a><\/p>\n<p>Leto\u0161n\u00ed p\u00e1t\u00fd ro\u010dn\u00edk Eshopisty toho slibuje pom\u011brn\u011b hodn\u011b. Vedle nov\u00e9ho form\u00e1tu akce se m\u016f\u017eete t\u011b\u0161it na zaj\u00edmav\u00e1 jm\u00e9na, jako <strong>Tom\u00e1\u0161 \u010cupr<\/strong> (Rohl\u00edk.cz), <strong>Michal Men\u0161\u00edk<\/strong> (Dodo.cz), <strong>Milan \u0160m\u00edd<\/strong> (Seznam.cz), <strong>Karel Ly\u010dka<\/strong> (Z\u00e1silkovna). Hlavn\u00edmi t\u00e9maty bude expanze na zahrani\u010dn\u00ed trhy, vratky, vlastn\u00ed doprava, nebo efektivn\u00ed p\u0159\u00edprava e-shopu na V\u00e1noce.<\/p>\n<h3>Czech Internet Forum\u00a0<img decoding=\"async\" class=\"alignright size-full wp-image-4828\" src=\"https:\/\/blog.gopay.com\/wp-content\/uploads\/2018\/01\/czech-internet-forum.png\" alt=\"czech internet forum\" width=\"150\" height=\"84\" \/><\/h3>\n<p><strong>Kdy<\/strong>: 16. \u0159\u00edjna 2018<br \/>\n<strong>Kde<\/strong>: N\u00e1rodn\u00ed d\u016fm na Vinohradech, Praha<br \/>\n<strong>Web<\/strong>: <a href=\"https:\/\/www.tuesday.cz\/akce\/czech-internet-forum-2018\/\">czech-internet-forum.cz<\/a><br \/>\n<strong>Soci\u00e1ln\u00ed s\u00edt\u011b<\/strong>:\u00a0<a href=\"https:\/\/www.facebook.com\/tuesdaycz\/\">Facebook<\/a>, <a href=\"https:\/\/twitter.com\/tuesdaycz\">Twitter<\/a><\/p>\n<p>CIF letos nab\u00eddne nejd\u016fle\u017eit\u011bj\u0161\u00ed trendy, zku\u0161enosti a p\u0159\u00edb\u011bhy, kter\u00e9 ur\u010duj\u00ed aktu\u00e1ln\u00ed v\u00fdvoj \u010desk\u00e9ho online sv\u011bta. D\u016fkazem je i pestr\u00e1 nab\u00eddka jmen, kter\u00e1 v\u00e9vod\u00ed leto\u0161n\u00edmu programu.<\/p>\n<h3>Konfera\u00a0<img decoding=\"async\" class=\"alignright size-full wp-image-4829\" src=\"https:\/\/blog.gopay.com\/wp-content\/uploads\/2018\/01\/konfera.png\" alt=\"konfera\" width=\"150\" height=\"79\" \/><\/h3>\n<p><strong>Kdy<\/strong>: 17. \u0159\u00edjna 2018<br \/>\n<strong>Kde<\/strong>: Praha<br \/>\n<strong>Web<\/strong>: <a href=\"http:\/\/konfera.cz\/\">konfera.cz<\/a><br \/>\n<strong>Soci\u00e1ln\u00ed s\u00edt\u011b<\/strong>:\u00a0<a href=\"https:\/\/www.facebook.com\/Konfera2018\/\">Facebook<\/a>, <a href=\"https:\/\/twitter.com\/konfera2018\">Twitter<\/a><\/p>\n<p>Konfera je akce zam\u011b\u0159en\u00e1 na &#8222;podpultovky&#8220; ze sv\u011bta marketingu na soci\u00e1ln\u00edch s\u00edt\u00edch. Prvn\u00ed ro\u010dn\u00edk nab\u00eddne \u0159e\u010dn\u00edky z J&amp;T banka, Kontentino, nebo 2FRESH.<\/p>\n<h3>WebTop100\u00a0<img decoding=\"async\" class=\"alignright size-full wp-image-4830\" src=\"https:\/\/blog.gopay.com\/wp-content\/uploads\/2018\/01\/webtop100.png\" alt=\"webtop100\" width=\"150\" height=\"81\" \/><\/h3>\n<p><strong>Kdy<\/strong>: 15. listopadu 2018<br \/>\n<strong>Kde<\/strong>: N\u00e1rodn\u00ed d\u016fm na Vinohradech, Praha<br \/>\n<strong>Web<\/strong>: <a href=\"https:\/\/www.tuesday.cz\/akce\/konference-webtop100-2018\/\">webtop100.cz<\/a><br \/>\n<strong>Soci\u00e1ln\u00ed s\u00edt\u011b<\/strong>:\u00a0<a href=\"https:\/\/www.facebook.com\/tuesdaycz\/\">Facebook<\/a>, <a href=\"https:\/\/twitter.com\/tuesdaycz\">Twitter<\/a><\/p>\n<p>Spoustu inspirace z digit\u00e1ln\u00edho marketingu a aktu\u00e1ln\u00ed t\u00e9mata, kter\u00e1 se \u0159e\u0161\u00ed ve firm\u00e1ch, plus plej\u00e1du atraktivn\u00edch jmen nab\u00eddne leto\u0161n\u00ed program WebTop100.<\/p>\n<h3>Marketing Festival\u00a0<img decoding=\"async\" class=\"alignright wp-image-2117 size-thumbnail\" src=\"https:\/\/blog.gopay.com\/wp-content\/uploads\/2017\/02\/marketing-festival-150x150.jpg\" alt=\"e-commerce akce 2018\" width=\"150\" height=\"150\" \/><\/h3>\n<p><strong>Kdy<\/strong>: jaro 2019<br \/>\n<strong>Kde<\/strong>: pravd\u011bpodobn\u011b Praha<br \/>\n<strong>Web<\/strong>: <a href=\"https:\/\/www.marketingfestival.cz\/\" target=\"_blank\" rel=\"noopener\">marketingfestival.cz<\/a><br \/>\n<strong>Soci\u00e1ln\u00ed s\u00edt\u011b<\/strong>: <a href=\"https:\/\/www.facebook.com\/MarketingFestival\" target=\"_blank\" rel=\"noopener\">Facebook<\/a>, <a href=\"https:\/\/twitter.com\/mktfest\" target=\"_blank\" rel=\"noopener\">Twitter<\/a>, <a href=\"https:\/\/www.youtube.com\/user\/MarketingFestival\/videos\" target=\"_blank\" rel=\"noopener\">Youtube<\/a><\/p>\n<p>Nejv\u011bt\u0161\u00ed sv\u00e1tek v\u0161ech marke\u0165\u00e1k\u016f se loni konal v listopadu a poprv\u00e9 v Praze. Na Marketing Festivalu v\u011bt\u0161inou vystupuj\u00ed nejv\u011bt\u0161\u00ed esa ve sv\u011btov\u00e9m marketingu &#8211; Avinash Kaushik, Rand Fishkin, nebo Joe Wade. Velk\u00fd ohlas m\u011bla i p\u0159edn\u00e1\u0161ka Filipa Podstavce, stvo\u0159itele \u00fasp\u011b\u0161n\u00e9ho n\u00e1stroje Marketing Miner.<\/p>\n<h3>Unihunt<\/h3>\n<p><img decoding=\"async\" class=\"alignright size-full wp-image-3858\" src=\"https:\/\/blog.gopay.com\/wp-content\/uploads\/2018\/01\/logo-unihunt1.png\" alt=\"unihunt\" width=\"200\" height=\"83\" \/><strong>Kdy<\/strong>: 8. prosince 2018<br \/>\n<strong>Kde<\/strong>: Praha<br \/>\n<strong>Web<\/strong>: <a href=\"https:\/\/www.unihunt.cz\/\" target=\"_blank\" rel=\"noopener\">unihunt.cz<\/a><br \/>\n<strong>Soci\u00e1ln\u00ed s\u00edt\u011b<\/strong>: <a href=\"https:\/\/www.facebook.com\/unihuntcz\/\" target=\"_blank\" rel=\"noopener\">Facebook<\/a>, <a href=\"https:\/\/twitter.com\/unihunt_cz\" target=\"_blank\" rel=\"noopener\">Twitter<\/a>, <a href=\"https:\/\/www.linkedin.com\/company\/15153338\/\" target=\"_blank\" rel=\"noopener\">LinkedIn<\/a><br \/>\nDal\u0161\u00ed akce pro UX\u00e1ky je Unihunt &#8211; veletrh pr\u00e1ce v UX. Na akci prob\u00edh\u00e1 p\u0159edstaven\u00ed firem, kter\u00e9 se zab\u00fdvaj\u00ed bankovnictv\u00edm, technologiemi, apod. Akce se sice kon\u00e1 a\u017e na sklonku roku, ale i tak je dobr\u00e9 ji sledovat. Registrace u\u017e prob\u00edh\u00e1.<\/p>\n<h3>Zahrani\u010dn\u00ed akce<\/h3>\n\n<table id=\"tablepress-30\" class=\"tablepress tablepress-id-30\">\n<thead>\n<tr class=\"row-1\">\n\t<th class=\"column-1\">N\u00e1zev akce              <\/th><th class=\"column-2\">Datum kon\u00e1n\u00ed<\/th><th class=\"column-3\">M\u00edsto kon\u00e1n\u00ed<\/th>\n<\/tr>\n<\/thead>\n<tbody class=\"row-striping row-hover\">\n<tr class=\"row-2\">\n\t<td class=\"column-1\"><a href=\"https:\/\/ecommerceberlin.com\/\" target=\"_blank\">E-commerce Berlin Expo<\/a> <\/td><td class=\"column-2\">15.2.2018<\/td><td class=\"column-3\">Berl\u00edn, N\u011bmecko<\/td>\n<\/tr>\n<tr class=\"row-3\">\n\t<td class=\"column-1\"><a href=\"https:\/\/www.ecomexpo.hu\/\" target=\"_blank\">Ecommerce Expo 2018 Budapest<a\/><\/td><td class=\"column-2\">22.3.2018<\/td><td class=\"column-3\">Budape\u0161\u0165, Ma\u010farsko<\/td>\n<\/tr>\n<tr class=\"row-4\">\n\t<td class=\"column-1\"><a href=\"http:\/\/internetretailingexpo.com\/\" target=\"_blank\">Internet Retailing Expo<\/a><\/td><td class=\"column-2\">21.- 22.3.2018<\/td><td class=\"column-3\">Birmingham, Velk\u00e1 Brit\u00e1nie<\/td>\n<\/tr>\n<tr class=\"row-5\">\n\t<td class=\"column-1\"><a href=\"https:\/\/targiehandlu.pl\/\" target=\"_blank\">E-commerce Poland Expo<\/a><\/td><td class=\"column-2\">25.4.2018<\/td><td class=\"column-3\">Krakow, Polsko<\/td>\n<\/tr>\n<tr class=\"row-6\">\n\t<td class=\"column-1\"><a href=\"http:\/\/www.informslovakia.sk\/sk\/konferencia\/marketing-live-2018\" target=\"_blank\">Marketing Live<\/a><\/td><td class=\"column-2\">26.4.2018<\/td><td class=\"column-3\">Bratislava, Slovensko<\/td>\n<\/tr>\n<tr class=\"row-7\">\n\t<td class=\"column-1\"><a href=\"https:\/\/www.ecommerceexpo.co.uk\/\" target=\"_blank\">eCommerce Expo<\/a><\/td><td class=\"column-2\">26.-27.9.2018<\/td><td class=\"column-3\">Lond\u00fdn, Velk\u00e1 Brit\u00e1nie<\/td>\n<\/tr>\n<\/tbody>\n<\/table>\n<!-- #tablepress-30 from cache -->\n<h3>Dal\u0161\u00ed akce<\/h3>\n<p>V\u00edte o dal\u0161\u00ed zaj\u00edmav\u00e9 akci, kter\u00e1 by v na\u0161em v\u00fd\u010dtu nem\u011bla chyb\u011bt? Sem s n\u00ed.<\/p>\n<p>R\u00e1di ji dopln\u00edme.<\/p>\n","protected":false},"excerpt":{"rendered":"<p>Chcete posouvat svoje podnik\u00e1n\u00ed kup\u0159edu? Bez vzd\u011bl\u00e1v\u00e1n\u00ed a tvrd\u00e9 pr\u00e1ce to nep\u016fjde. Spoustu v\u011bc\u00ed se m\u016f\u017eete p\u0159iu\u010dit na r\u016fzn\u00fdch konferenc\u00edch, p\u0159edn\u00e1\u0161k\u00e1ch nebo semin\u00e1\u0159\u00edch. Kter\u00e9 e-commerce a marketingov\u00e9 akce v \u010cech\u00e1ch jsou ty nejlep\u0161\u00ed? Zapi\u0161te si n\u00e1sleduj\u00edc\u00ed data do di\u00e1\u0159e, a\u0165 v\u00e1m \u017e\u00e1dn\u00e1 z nich neute\u010de.<\/p>\n","protected":false},"author":8,"featured_media":3715,"comment_status":"open","ping_status":"open","sticky":false,"template":"","format":"standard","meta":{"_acf_changed":false,"footnotes":""},"categories":[1,5],"tags":[],"coauthors":[13],"class_list":["post-3669","post","type-post","status-publish","format-standard","has-post-thumbnail","hentry","category-aktuality-novinky-platebni-brana-gopay","category-e-commerce-online-podnikani"],"acf":[],"yoast_head":"<!-- This site is optimized with the Yoast SEO plugin v27.4 - https:\/\/yoast.com\/product\/yoast-seo-wordpress\/ -->\n<title>E-commerce akce, kter\u00e9 v roce 2018 mus\u00edte nav\u0161t\u00edvit | GoPay blog<\/title>\n<meta name=\"description\" content=\"Jak\u00e9 top e-commerce akce se v roce 2018 v \u010cech\u00e1ch konaj\u00ed? P\u0159ipravili jsme seznam t\u011bch nejzaj\u00edmav\u011bj\u0161\u00edch, kter\u00e9 byste si letos rozhodn\u011b nem\u011bli nechat uj\u00edt.\" \/>\n<meta name=\"robots\" content=\"index, follow, max-snippet:-1, max-image-preview:large, max-video-preview:-1\" \/>\n<link rel=\"canonical\" href=\"https:\/\/www.gopay.com\/blog\/e-commerce-akce-ktere-v-roce-2018-musite-navstivit\/\" \/>\n<meta property=\"og:locale\" content=\"cs_CZ\" \/>\n<meta property=\"og:type\" content=\"article\" \/>\n<meta property=\"og:title\" content=\"E-commerce akce, kter\u00e9 v roce 2018 mus\u00edte nav\u0161t\u00edvit\" \/>\n<meta property=\"og:description\" content=\"Jak\u00e9 top e-commerce akce se v roce 2018 v \u010cech\u00e1ch konaj\u00ed? P\u0159ipravili jsme seznam t\u011bch nejzaj\u00edmav\u011bj\u0161\u00edch, kter\u00e9 byste si letos rozhodn\u011b nem\u011bli nechat uj\u00edt.\" \/>\n<meta property=\"og:url\" content=\"https:\/\/www.gopay.com\/blog\/e-commerce-akce-ktere-v-roce-2018-musite-navstivit\/\" \/>\n<meta property=\"og:site_name\" content=\"GoPay blog\" \/>\n<meta property=\"article:publisher\" content=\"https:\/\/www.facebook.com\/gopay.cz\" \/>\n<meta property=\"article:published_time\" content=\"2018-01-04T11:08:13+00:00\" \/>\n<meta property=\"article:modified_time\" content=\"2018-10-01T12:36:38+00:00\" \/>\n<meta name=\"author\" content=\"Jan Vodi\u010dka\" \/>\n<meta name=\"twitter:card\" content=\"summary_large_image\" \/>\n<meta name=\"twitter:title\" content=\"E-commerce akce, kter\u00e9 v roce 2018 mus\u00edte nav\u0161t\u00edvit\" \/>\n<meta name=\"twitter:description\" content=\"Jak\u00e9 top e-commerce akce se v roce 2018 v \u010cech\u00e1ch konaj\u00ed? P\u0159ipravili jsme seznam t\u011bch nejzaj\u00edmav\u011bj\u0161\u00edch, kter\u00e9 byste si letos rozhodn\u011b nem\u011bli nechat uj\u00edt.\" \/>\n<meta name=\"twitter:image\" content=\"https:\/\/blog.gopay.com\/wp-content\/uploads\/2018\/01\/ecommerce-akce.png\" \/>\n<meta name=\"twitter:creator\" content=\"@janvodicka\" \/>\n<meta name=\"twitter:site\" content=\"@gopaycz\" \/>\n<meta name=\"twitter:label1\" content=\"Napsal(a)\" \/>\n\t<meta name=\"twitter:data1\" content=\"Jan Vodi\u010dka\" \/>\n\t<meta name=\"twitter:label2\" content=\"Odhadovan\u00e1 doba \u010dten\u00ed\" \/>\n\t<meta name=\"twitter:data2\" content=\"11 minut\" \/>\n\t<meta name=\"twitter:label3\" content=\"Written by\" \/>\n\t<meta name=\"twitter:data3\" content=\"Jan Vodi\u010dka\" \/>\n<script type=\"application\/ld+json\" class=\"yoast-schema-graph\">{\"@context\":\"https:\\\/\\\/schema.org\",\"@graph\":[{\"@type\":\"Article\",\"@id\":\"https:\\\/\\\/www.gopay.com\\\/blog\\\/e-commerce-akce-ktere-v-roce-2018-musite-navstivit\\\/#article\",\"isPartOf\":{\"@id\":\"https:\\\/\\\/www.gopay.com\\\/blog\\\/e-commerce-akce-ktere-v-roce-2018-musite-navstivit\\\/\"},\"author\":{\"name\":\"Jan Vodi\u010dka\",\"@id\":\"https:\\\/\\\/www.gopay.com\\\/blog\\\/#\\\/schema\\\/person\\\/54c208d22dce2bc3b92ce555f83b3172\"},\"headline\":\"E-commerce akce, kter\u00e9 v roce 2018 mus\u00edte nav\u0161t\u00edvit\",\"datePublished\":\"2018-01-04T11:08:13+00:00\",\"dateModified\":\"2018-10-01T12:36:38+00:00\",\"mainEntityOfPage\":{\"@id\":\"https:\\\/\\\/www.gopay.com\\\/blog\\\/e-commerce-akce-ktere-v-roce-2018-musite-navstivit\\\/\"},\"wordCount\":2299,\"commentCount\":2,\"image\":{\"@id\":\"https:\\\/\\\/www.gopay.com\\\/blog\\\/e-commerce-akce-ktere-v-roce-2018-musite-navstivit\\\/#primaryimage\"},\"thumbnailUrl\":\"https:\\\/\\\/www.gopay.com\\\/blog\\\/wp-content\\\/uploads\\\/2018\\\/01\\\/ecommerce-akce.png\",\"articleSection\":[\"Aktuality a novinky GoPay\",\"E-commerce a online podnik\u00e1n\u00ed\"],\"inLanguage\":\"cs\",\"potentialAction\":[{\"@type\":\"CommentAction\",\"name\":\"Comment\",\"target\":[\"https:\\\/\\\/www.gopay.com\\\/blog\\\/e-commerce-akce-ktere-v-roce-2018-musite-navstivit\\\/#respond\"]}]},{\"@type\":\"WebPage\",\"@id\":\"https:\\\/\\\/www.gopay.com\\\/blog\\\/e-commerce-akce-ktere-v-roce-2018-musite-navstivit\\\/\",\"url\":\"https:\\\/\\\/www.gopay.com\\\/blog\\\/e-commerce-akce-ktere-v-roce-2018-musite-navstivit\\\/\",\"name\":\"E-commerce akce, kter\u00e9 v roce 2018 mus\u00edte nav\u0161t\u00edvit | GoPay blog\",\"isPartOf\":{\"@id\":\"https:\\\/\\\/www.gopay.com\\\/blog\\\/#website\"},\"primaryImageOfPage\":{\"@id\":\"https:\\\/\\\/www.gopay.com\\\/blog\\\/e-commerce-akce-ktere-v-roce-2018-musite-navstivit\\\/#primaryimage\"},\"image\":{\"@id\":\"https:\\\/\\\/www.gopay.com\\\/blog\\\/e-commerce-akce-ktere-v-roce-2018-musite-navstivit\\\/#primaryimage\"},\"thumbnailUrl\":\"https:\\\/\\\/www.gopay.com\\\/blog\\\/wp-content\\\/uploads\\\/2018\\\/01\\\/ecommerce-akce.png\",\"datePublished\":\"2018-01-04T11:08:13+00:00\",\"dateModified\":\"2018-10-01T12:36:38+00:00\",\"author\":{\"@id\":\"https:\\\/\\\/www.gopay.com\\\/blog\\\/#\\\/schema\\\/person\\\/54c208d22dce2bc3b92ce555f83b3172\"},\"description\":\"Jak\u00e9 top e-commerce akce se v roce 2018 v \u010cech\u00e1ch konaj\u00ed? P\u0159ipravili jsme seznam t\u011bch nejzaj\u00edmav\u011bj\u0161\u00edch, kter\u00e9 byste si letos rozhodn\u011b nem\u011bli nechat uj\u00edt.\",\"breadcrumb\":{\"@id\":\"https:\\\/\\\/www.gopay.com\\\/blog\\\/e-commerce-akce-ktere-v-roce-2018-musite-navstivit\\\/#breadcrumb\"},\"inLanguage\":\"cs\",\"potentialAction\":[{\"@type\":\"ReadAction\",\"target\":[\"https:\\\/\\\/www.gopay.com\\\/blog\\\/e-commerce-akce-ktere-v-roce-2018-musite-navstivit\\\/\"]}]},{\"@type\":\"ImageObject\",\"inLanguage\":\"cs\",\"@id\":\"https:\\\/\\\/www.gopay.com\\\/blog\\\/e-commerce-akce-ktere-v-roce-2018-musite-navstivit\\\/#primaryimage\",\"url\":\"https:\\\/\\\/www.gopay.com\\\/blog\\\/wp-content\\\/uploads\\\/2018\\\/01\\\/ecommerce-akce.png\",\"contentUrl\":\"https:\\\/\\\/www.gopay.com\\\/blog\\\/wp-content\\\/uploads\\\/2018\\\/01\\\/ecommerce-akce.png\",\"width\":600,\"height\":429,\"caption\":\"ecommerce akce 2018\"},{\"@type\":\"BreadcrumbList\",\"@id\":\"https:\\\/\\\/www.gopay.com\\\/blog\\\/e-commerce-akce-ktere-v-roce-2018-musite-navstivit\\\/#breadcrumb\",\"itemListElement\":[{\"@type\":\"ListItem\",\"position\":1,\"name\":\"GoPay.com\",\"item\":\"https:\\\/\\\/www.gopay.com\\\/cs\\\/\"},{\"@type\":\"ListItem\",\"position\":2,\"name\":\"Dom\u016f\",\"item\":\"https:\\\/\\\/www.gopay.com\\\/blog\\\/\"},{\"@type\":\"ListItem\",\"position\":3,\"name\":\"E-commerce akce, kter\u00e9 v roce 2018 mus\u00edte nav\u0161t\u00edvit\"}]},{\"@type\":\"WebSite\",\"@id\":\"https:\\\/\\\/www.gopay.com\\\/blog\\\/#website\",\"url\":\"https:\\\/\\\/www.gopay.com\\\/blog\\\/\",\"name\":\"GoPay blog\",\"description\":\"\u010cl\u00e1nky, n\u00e1vody, srovn\u00e1n\u00ed z ze sv\u011bta e-commerce a online plateb.\",\"potentialAction\":[{\"@type\":\"SearchAction\",\"target\":{\"@type\":\"EntryPoint\",\"urlTemplate\":\"https:\\\/\\\/www.gopay.com\\\/blog\\\/?s={search_term_string}\"},\"query-input\":{\"@type\":\"PropertyValueSpecification\",\"valueRequired\":true,\"valueName\":\"search_term_string\"}}],\"inLanguage\":\"cs\"},{\"@type\":\"Person\",\"@id\":\"https:\\\/\\\/www.gopay.com\\\/blog\\\/#\\\/schema\\\/person\\\/54c208d22dce2bc3b92ce555f83b3172\",\"name\":\"Jan Vodi\u010dka\",\"image\":{\"@type\":\"ImageObject\",\"inLanguage\":\"cs\",\"@id\":\"https:\\\/\\\/secure.gravatar.com\\\/avatar\\\/565051392e2c8925d0680f4210a39f8d5f56db15c96d96756924f1e4b263960a?s=96&d=mm&r=g505f63adc134ea94f1e5bbd4578a2b96\",\"url\":\"https:\\\/\\\/secure.gravatar.com\\\/avatar\\\/565051392e2c8925d0680f4210a39f8d5f56db15c96d96756924f1e4b263960a?s=96&d=mm&r=g\",\"contentUrl\":\"https:\\\/\\\/secure.gravatar.com\\\/avatar\\\/565051392e2c8925d0680f4210a39f8d5f56db15c96d96756924f1e4b263960a?s=96&d=mm&r=g\",\"caption\":\"Jan Vodi\u010dka\"},\"description\":\"Honza se v GoPay star\u00e1 o marketing a komunikaci. Rozhodn\u011b ho nesledujte na Twitteru.\",\"sameAs\":[\"https:\\\/\\\/x.com\\\/janvodicka\"],\"url\":\"https:\\\/\\\/www.gopay.com\\\/blog\\\/author\\\/jan-vodicka\\\/\"}]}<\/script>\n<!-- \/ Yoast SEO plugin. -->","yoast_head_json":{"title":"E-commerce akce, kter\u00e9 v roce 2018 mus\u00edte nav\u0161t\u00edvit | GoPay blog","description":"Jak\u00e9 top e-commerce akce se v roce 2018 v \u010cech\u00e1ch konaj\u00ed? P\u0159ipravili jsme seznam t\u011bch nejzaj\u00edmav\u011bj\u0161\u00edch, kter\u00e9 byste si letos rozhodn\u011b nem\u011bli nechat uj\u00edt.","robots":{"index":"index","follow":"follow","max-snippet":"max-snippet:-1","max-image-preview":"max-image-preview:large","max-video-preview":"max-video-preview:-1"},"canonical":"https:\/\/www.gopay.com\/blog\/e-commerce-akce-ktere-v-roce-2018-musite-navstivit\/","og_locale":"cs_CZ","og_type":"article","og_title":"E-commerce akce, kter\u00e9 v roce 2018 mus\u00edte nav\u0161t\u00edvit","og_description":"Jak\u00e9 top e-commerce akce se v roce 2018 v \u010cech\u00e1ch konaj\u00ed? P\u0159ipravili jsme seznam t\u011bch nejzaj\u00edmav\u011bj\u0161\u00edch, kter\u00e9 byste si letos rozhodn\u011b nem\u011bli nechat uj\u00edt.","og_url":"https:\/\/www.gopay.com\/blog\/e-commerce-akce-ktere-v-roce-2018-musite-navstivit\/","og_site_name":"GoPay blog","article_publisher":"https:\/\/www.facebook.com\/gopay.cz","article_published_time":"2018-01-04T11:08:13+00:00","article_modified_time":"2018-10-01T12:36:38+00:00","author":"Jan Vodi\u010dka","twitter_card":"summary_large_image","twitter_title":"E-commerce akce, kter\u00e9 v roce 2018 mus\u00edte nav\u0161t\u00edvit","twitter_description":"Jak\u00e9 top e-commerce akce se v roce 2018 v \u010cech\u00e1ch konaj\u00ed? P\u0159ipravili jsme seznam t\u011bch nejzaj\u00edmav\u011bj\u0161\u00edch, kter\u00e9 byste si letos rozhodn\u011b nem\u011bli nechat uj\u00edt.","twitter_image":"https:\/\/blog.gopay.com\/wp-content\/uploads\/2018\/01\/ecommerce-akce.png","twitter_creator":"@janvodicka","twitter_site":"@gopaycz","twitter_misc":{"Napsal(a)":"Jan Vodi\u010dka","Odhadovan\u00e1 doba \u010dten\u00ed":"11 minut","Written by":"Jan Vodi\u010dka"},"schema":{"@context":"https:\/\/schema.org","@graph":[{"@type":"Article","@id":"https:\/\/www.gopay.com\/blog\/e-commerce-akce-ktere-v-roce-2018-musite-navstivit\/#article","isPartOf":{"@id":"https:\/\/www.gopay.com\/blog\/e-commerce-akce-ktere-v-roce-2018-musite-navstivit\/"},"author":{"name":"Jan Vodi\u010dka","@id":"https:\/\/www.gopay.com\/blog\/#\/schema\/person\/54c208d22dce2bc3b92ce555f83b3172"},"headline":"E-commerce akce, kter\u00e9 v roce 2018 mus\u00edte nav\u0161t\u00edvit","datePublished":"2018-01-04T11:08:13+00:00","dateModified":"2018-10-01T12:36:38+00:00","mainEntityOfPage":{"@id":"https:\/\/www.gopay.com\/blog\/e-commerce-akce-ktere-v-roce-2018-musite-navstivit\/"},"wordCount":2299,"commentCount":2,"image":{"@id":"https:\/\/www.gopay.com\/blog\/e-commerce-akce-ktere-v-roce-2018-musite-navstivit\/#primaryimage"},"thumbnailUrl":"https:\/\/www.gopay.com\/blog\/wp-content\/uploads\/2018\/01\/ecommerce-akce.png","articleSection":["Aktuality a novinky GoPay","E-commerce a online podnik\u00e1n\u00ed"],"inLanguage":"cs","potentialAction":[{"@type":"CommentAction","name":"Comment","target":["https:\/\/www.gopay.com\/blog\/e-commerce-akce-ktere-v-roce-2018-musite-navstivit\/#respond"]}]},{"@type":"WebPage","@id":"https:\/\/www.gopay.com\/blog\/e-commerce-akce-ktere-v-roce-2018-musite-navstivit\/","url":"https:\/\/www.gopay.com\/blog\/e-commerce-akce-ktere-v-roce-2018-musite-navstivit\/","name":"E-commerce akce, kter\u00e9 v roce 2018 mus\u00edte nav\u0161t\u00edvit | GoPay blog","isPartOf":{"@id":"https:\/\/www.gopay.com\/blog\/#website"},"primaryImageOfPage":{"@id":"https:\/\/www.gopay.com\/blog\/e-commerce-akce-ktere-v-roce-2018-musite-navstivit\/#primaryimage"},"image":{"@id":"https:\/\/www.gopay.com\/blog\/e-commerce-akce-ktere-v-roce-2018-musite-navstivit\/#primaryimage"},"thumbnailUrl":"https:\/\/www.gopay.com\/blog\/wp-content\/uploads\/2018\/01\/ecommerce-akce.png","datePublished":"2018-01-04T11:08:13+00:00","dateModified":"2018-10-01T12:36:38+00:00","author":{"@id":"https:\/\/www.gopay.com\/blog\/#\/schema\/person\/54c208d22dce2bc3b92ce555f83b3172"},"description":"Jak\u00e9 top e-commerce akce se v roce 2018 v \u010cech\u00e1ch konaj\u00ed? P\u0159ipravili jsme seznam t\u011bch nejzaj\u00edmav\u011bj\u0161\u00edch, kter\u00e9 byste si letos rozhodn\u011b nem\u011bli nechat uj\u00edt.","breadcrumb":{"@id":"https:\/\/www.gopay.com\/blog\/e-commerce-akce-ktere-v-roce-2018-musite-navstivit\/#breadcrumb"},"inLanguage":"cs","potentialAction":[{"@type":"ReadAction","target":["https:\/\/www.gopay.com\/blog\/e-commerce-akce-ktere-v-roce-2018-musite-navstivit\/"]}]},{"@type":"ImageObject","inLanguage":"cs","@id":"https:\/\/www.gopay.com\/blog\/e-commerce-akce-ktere-v-roce-2018-musite-navstivit\/#primaryimage","url":"https:\/\/www.gopay.com\/blog\/wp-content\/uploads\/2018\/01\/ecommerce-akce.png","contentUrl":"https:\/\/www.gopay.com\/blog\/wp-content\/uploads\/2018\/01\/ecommerce-akce.png","width":600,"height":429,"caption":"ecommerce akce 2018"},{"@type":"BreadcrumbList","@id":"https:\/\/www.gopay.com\/blog\/e-commerce-akce-ktere-v-roce-2018-musite-navstivit\/#breadcrumb","itemListElement":[{"@type":"ListItem","position":1,"name":"GoPay.com","item":"https:\/\/www.gopay.com\/cs\/"},{"@type":"ListItem","position":2,"name":"Dom\u016f","item":"https:\/\/www.gopay.com\/blog\/"},{"@type":"ListItem","position":3,"name":"E-commerce akce, kter\u00e9 v roce 2018 mus\u00edte nav\u0161t\u00edvit"}]},{"@type":"WebSite","@id":"https:\/\/www.gopay.com\/blog\/#website","url":"https:\/\/www.gopay.com\/blog\/","name":"GoPay blog","description":"\u010cl\u00e1nky, n\u00e1vody, srovn\u00e1n\u00ed z ze sv\u011bta e-commerce a online plateb.","potentialAction":[{"@type":"SearchAction","target":{"@type":"EntryPoint","urlTemplate":"https:\/\/www.gopay.com\/blog\/?s={search_term_string}"},"query-input":{"@type":"PropertyValueSpecification","valueRequired":true,"valueName":"search_term_string"}}],"inLanguage":"cs"},{"@type":"Person","@id":"https:\/\/www.gopay.com\/blog\/#\/schema\/person\/54c208d22dce2bc3b92ce555f83b3172","name":"Jan Vodi\u010dka","image":{"@type":"ImageObject","inLanguage":"cs","@id":"https:\/\/secure.gravatar.com\/avatar\/565051392e2c8925d0680f4210a39f8d5f56db15c96d96756924f1e4b263960a?s=96&d=mm&r=g505f63adc134ea94f1e5bbd4578a2b96","url":"https:\/\/secure.gravatar.com\/avatar\/565051392e2c8925d0680f4210a39f8d5f56db15c96d96756924f1e4b263960a?s=96&d=mm&r=g","contentUrl":"https:\/\/secure.gravatar.com\/avatar\/565051392e2c8925d0680f4210a39f8d5f56db15c96d96756924f1e4b263960a?s=96&d=mm&r=g","caption":"Jan Vodi\u010dka"},"description":"Honza se v GoPay star\u00e1 o marketing a komunikaci. Rozhodn\u011b ho nesledujte na Twitteru.","sameAs":["https:\/\/x.com\/janvodicka"],"url":"https:\/\/www.gopay.com\/blog\/author\/jan-vodicka\/"}]}},"_links":{"self":[{"href":"https:\/\/www.gopay.com\/blog\/wp-json\/wp\/v2\/posts\/3669","targetHints":{"allow":["GET"]}}],"collection":[{"href":"https:\/\/www.gopay.com\/blog\/wp-json\/wp\/v2\/posts"}],"about":[{"href":"https:\/\/www.gopay.com\/blog\/wp-json\/wp\/v2\/types\/post"}],"author":[{"embeddable":true,"href":"https:\/\/www.gopay.com\/blog\/wp-json\/wp\/v2\/users\/8"}],"replies":[{"embeddable":true,"href":"https:\/\/www.gopay.com\/blog\/wp-json\/wp\/v2\/comments?post=3669"}],"version-history":[{"count":40,"href":"https:\/\/www.gopay.com\/blog\/wp-json\/wp\/v2\/posts\/3669\/revisions"}],"predecessor-version":[{"id":4831,"href":"https:\/\/www.gopay.com\/blog\/wp-json\/wp\/v2\/posts\/3669\/revisions\/4831"}],"wp:featuredmedia":[{"embeddable":true,"href":"https:\/\/www.gopay.com\/blog\/wp-json\/wp\/v2\/media\/3715"}],"wp:attachment":[{"href":"https:\/\/www.gopay.com\/blog\/wp-json\/wp\/v2\/media?parent=3669"}],"wp:term":[{"taxonomy":"category","embeddable":true,"href":"https:\/\/www.gopay.com\/blog\/wp-json\/wp\/v2\/categories?post=3669"},{"taxonomy":"post_tag","embeddable":true,"href":"https:\/\/www.gopay.com\/blog\/wp-json\/wp\/v2\/tags?post=3669"},{"taxonomy":"author","embeddable":true,"href":"https:\/\/www.gopay.com\/blog\/wp-json\/wp\/v2\/coauthors?post=3669"}],"curies":[{"name":"wp","href":"https:\/\/api.w.org\/{rel}","templated":true}]}}